{"id":1,"date":"2023-03-07T14:43:45","date_gmt":"2023-03-07T14:43:45","guid":{"rendered":"https:\/\/www.everlawlegal.com\/?p=1"},"modified":"2023-04-10T18:12:45","modified_gmt":"2023-04-10T18:12:45","slug":"el-ts-aclara-el-dies-ad-quem-del-computo-del-plazo-de-dos-meses-para-interponer-recurso-contencioso-administrativo-contra-actos-expresos-notificados-en-agosto","status":"publish","type":"post","link":"https:\/\/www.everlawlegal.com\/en\/el-ts-aclara-el-dies-ad-quem-del-computo-del-plazo-de-dos-meses-para-interponer-recurso-contencioso-administrativo-contra-actos-expresos-notificados-en-agosto\/","title":{"rendered":"El TS aclara el \u201cdies ad quem\u201d del c\u00f3mputo del plazo de dos meses para interponer recurso contencioso-administrativo contra actos expresos notificados en agosto"},"content":{"rendered":"\r\n<p>Lamet consectetur adipisicing elit. Corporis facere tenetur assumenda doloremque voluptates qui quos, aperiam labore nulla voluptatum doloribus nemo. Ducimus doloribus dolorem dolores corrupti neque ad ea?<\/p>\r\n<p>Consectetur adipisicing elit. Corporis facere tenetur assumenda doloremque voluptates qui quos, aperiam labore nulla voluptatum doloribus nemo. Ducimus doloribus dolorem dolores corrupti neque ad ea?<\/p>\r\n<p>Doloribus dolorem dolores corrupti neque ipsum dolor, sit amet , aperiam labore nulla voluptatum doloribus nemo. Ducimus doloribus dolorem dolores corrupti neque ad ea?<\/p>\r\n<p>Lorem ipsum dolor, sit amet\u00a0<a href=\"#\">lo que sea<\/a>\u00a0consectetur adipisicing elit. voluptates qui quos, aperiam labore nulla voluptatum doloribus nemo. Ducimus doloribus dolorem dolores corrupti neque ad ea?<\/p>\r\n<p>Lorem ipsum dolor, sit amet consectetur adipisicing elit. Corporis facere tenetur assumenda doloremque nulla voluptatum doloribus nemo. Ducimus doloribus dolorem dolores corrupti neque ad ea?<\/p>\r\n<p>Lorem ipsum dolor, sit amet consectetur adipisicing elit. Corporis facere tenetur assumenda doloremque<\/p>\r\n<ul>\r\n<li>Lamet consectetur adipisicing elit. Dolor nam veniam<\/li>\r\n<li>Lectetur adipisicing elit. Dolor nam veniam<\/li>\r\n<li>Sit amet consectetur adipisicing elit. Dolor nam veniam<\/li>\r\n<li>Lorem ipsum dolor sit amet consectetur<\/li>\r\n<\/ul>\r\n","protected":false},"excerpt":{"rendered":"<p>El TS declara que una grabaci\u00f3n de sonido no tiene el car\u00e1cter de documento h\u00e1bil para fundar una revisi\u00f3n de hechos declarados probados<\/p>\n","protected":false},"author":1,"featured_media":0,"comment_status":"open","ping_status":"open","sticky":false,"template":"","format":"standard","meta":{"_acf_changed":false,"inline_featured_image":false,"footnotes":""},"categories":[1],"tags":[],"class_list":["post-1","post","type-post","status-publish","format-standard","hentry","category-sin-categorizar"],"acf":[],"_links":{"self":[{"href":"https:\/\/www.everlawlegal.com\/en\/wp-json\/wp\/v2\/posts\/1","targetHints":{"allow":["GET"]}}],"collection":[{"href":"https:\/\/www.everlawlegal.com\/en\/wp-json\/wp\/v2\/posts"}],"about":[{"href":"https:\/\/www.everlawlegal.com\/en\/wp-json\/wp\/v2\/types\/post"}],"author":[{"embeddable":true,"href":"https:\/\/www.everlawlegal.com\/en\/wp-json\/wp\/v2\/users\/1"}],"replies":[{"embeddable":true,"href":"https:\/\/www.everlawlegal.com\/en\/wp-json\/wp\/v2\/comments?post=1"}],"version-history":[{"count":2,"href":"https:\/\/www.everlawlegal.com\/en\/wp-json\/wp\/v2\/posts\/1\/revisions"}],"predecessor-version":[{"id":48,"href":"https:\/\/www.everlawlegal.com\/en\/wp-json\/wp\/v2\/posts\/1\/revisions\/48"}],"wp:attachment":[{"href":"https:\/\/www.everlawlegal.com\/en\/wp-json\/wp\/v2\/media?parent=1"}],"wp:term":[{"taxonomy":"category","embeddable":true,"href":"https:\/\/www.everlawlegal.com\/en\/wp-json\/wp\/v2\/categories?post=1"},{"taxonomy":"post_tag","embeddable":true,"href":"https:\/\/www.everlawlegal.com\/en\/wp-json\/wp\/v2\/tags?post=1"}],"curies":[{"name":"wp","href":"https:\/\/api.w.org\/{rel}","templated":true}]}}