{"id":5171,"date":"2022-05-11T22:13:30","date_gmt":"2022-05-11T22:13:30","guid":{"rendered":"https:\/\/www.everlawlegal.com\/?p=5171"},"modified":"2022-05-11T22:13:30","modified_gmt":"2022-05-11T22:13:30","slug":"responsabilidad-civil-derivada-de-accidente-de-circulacion-el-ts-reitera-que-las-reclamaciones-extrajudiciales-que-se-dirigen-tan-solo-a-la-aseguradora-no-producen-efectos-interruptivos-de-la-prescri","status":"publish","type":"post","link":"https:\/\/www.everlawlegal.com\/en\/responsabilidad-civil-derivada-de-accidente-de-circulacion-el-ts-reitera-que-las-reclamaciones-extrajudiciales-que-se-dirigen-tan-solo-a-la-aseguradora-no-producen-efectos-interruptivos-de-la-prescri\/","title":{"rendered":"Responsabilidad civil derivada de accidente de circulaci\u00f3n. El TS reitera que las reclamaciones extrajudiciales que se dirigen tan solo a la aseguradora no producen efectos interruptivos de la prescripci\u00f3n frente al asegurado.\u00a0"},"content":{"rendered":"<p>Sentencia del Tribunal Supremo n\u00ba 332\/2022, de 27 de abril, dictada por el Pleno de la Sala de lo Civil, recurso de casaci\u00f3n n\u00ba 708\/2019<\/p>\n<p>A consecuencia de un accidente de tr\u00e1fico, una persona sufri\u00f3 lesiones que el INSS, por resoluci\u00f3n de 10 de diciembre de 2010, consider\u00f3 determinantes de incapacidad permanente total. No estando de acuerdo con dicha calificaci\u00f3n, el perjudicado por el accidente de tr\u00e1fico promovi\u00f3 un proceso judicial en el que reclamaba el reconocimiento de la incapacidad permanente absoluta al que puso fin una sentencia de la Sala de lo Social del Tribunal Superior de Justicia de Catalu\u00f1a dictada el 25 de junio de 2013.<\/p>\n<p>El perjudicado por el accidente remiti\u00f3 a Z\u00farich burofaxes con efectos interruptivos de la prescripci\u00f3n en fechas 2 de mayo de 2013, 2 de mayo de 2014 y 29 de abril de 2015. Y el 20 de abril de 2016 present\u00f3 una demanda, fechada el 15 de abril de 2016, contra la aseguradora y el asegurado, que tuvo entrada en el Juzgado el 22 de abril de 2016, de lo que dej\u00f3 constancia la letrada de la Administraci\u00f3n de Justicia por diligencia de ordenaci\u00f3n de 2 de mayo de 2016. En la demanda interpuesta se solicit\u00f3 la condena solidaria de los demandados a pagarle la cantidad de 265.445,11 euros en concepto de indemnizaci\u00f3n por las lesiones y gastos m\u00e9dicos y an\u00e1logos ocasionados a consecuencia del accidente.<\/p>\n<p>Una primera cuesti\u00f3n planeada en el recurso de casaci\u00f3n es la fijaci\u00f3n del d\u00eda inicial del c\u00f3mputo del plazo de prescripci\u00f3n de un a\u00f1o de la acci\u00f3n del perjudicado frente al asegurado: si la fecha a tener en cuenta es la de la referida sentencia de 25 de junio de 2013 dictada por la Sala de lo Social del Tribunal Superior de Justicia de Catalu\u00f1a que resuelve la reclamaci\u00f3n del reconocimiento de la incapacidad permanente. Respecto a esta cuesti\u00f3n el TS se\u00f1ala que no cabe desconsiderar la fecha de dicha sentencia de cara a fijar el d\u00eda inicial del plazo de prescripci\u00f3n porque si se ha seguido expediente para dirimir cu\u00e1les han sido las consecuencias de repercusi\u00f3n de las lesiones en la capacidad laboral del trabajador o si el demandante no se hubiera conformado en su d\u00eda con la resoluci\u00f3n administrativa correspondiente a su gado de incapacidad, el d\u00eda inicial del plazo de prescripci\u00f3n es aquel en el que se resuelva definitivamente la reclamaci\u00f3n del perjudicado contra la decisi\u00f3n administrativa sobre el grado de incapacidad, pues solo en ese caso entonces se podr\u00e1 detallar en la demanda civil el definitivo da\u00f1o sufrido (STS 23\/2015, de 4 de febrero, y 819\/2012, de 9 de enero, entre otras).<\/p>\n<p>El asunto m\u00e1s relevante que se plantea es la prescripci\u00f3n de la acci\u00f3n ejercitada contra el asegurado. En concreto, si las reclamaciones dirigidas a la aseguradora interrumpen la prescripci\u00f3n frente a al asegurado.<\/p>\n<p>El Pleno de la Sala de lo Civil recuerda que en su sentencia de pleno de dicha Sala 503\/2017, de 15 de septiembre, se dijo que no pod\u00eda producir efectos interruptivos de la prescripci\u00f3n para el asegurado la reclamaci\u00f3n extrajudicial dirigida exclusivamente frente a su aseguradora.<\/p>\n<p>Asimismo, destaca que en la sentencia, tambi\u00e9n de pleno, 321\/2019, de 5 de junio (cuya rese\u00f1a es accesible <a href=\"https:\/\/www.everlawlegal.com\/el-ts-analiza-los-efectos-de-una-resolucion-administrativa-consentida-que-reconoce-una-indemnizacion-derivada-de-una-negligencia-medica-dentro-de-un-procedimiento-incoado-contra-la-aseguradora-ante-la\/\"><span style=\"color: #0000ff;\"><em>aqu\u00ed<\/em><\/span><\/a>), respecto a la acci\u00f3n directa prevista en el art. 76 LCS se se\u00f1al\u00f3 que: (i) es una acci\u00f3n aut\u00f3noma e independiente de la que puede tener el perjudicado\u00a0 frente\u00a0 al asegurado; (ii) que implica un derecho propio sustantivo y procesal, del perjudicado frente al asegurador; (iii) y que derecho del tercero a exigir del asegurador la obligaci\u00f3n de indemnizar es distinto del que tiene dicho tercero para exigir la indemnizaci\u00f3n del asegurado, causante del da\u00f1o. Lo que significa que el perjudicado tiene dos derechos a los que corresponden en el lado pasivo dos obligaciones diferentes: la del asegurado causante del da\u00f1o (que nace del hecho il\u00edcito en el \u00e1mbito extracontractual o el contractual) y la del asegurador (que tambi\u00e9n surge de ese mismo hecho il\u00edcito, pero que presupone la existencia de un contrato de seguro y que est\u00e1 sometida al r\u00e9gimen especial del art\u00edculo 76 LCS).<\/p>\n<p>Por todo ello, considera que, trat\u00e1ndose de acciones, derechos y obligaciones diferentes, no hay raz\u00f3n para concluir que las reclamaciones extrajudiciales que se dirigen tan solo a la aseguradora con efectos interruptivos de la prescripci\u00f3n frente a ella, cuya responsabilidad es directa, deban producir los mismos efectos interruptivos tambi\u00e9n frente al asegurado.<\/p>\n<p>Aplicando dicha doctrina al presente caso ha de entenderse que la acci\u00f3n del perjudicado contra el asegurado estar\u00eda prescrita, al haberse cumplido el plazo de un a\u00f1o para su ejercicio el 25 de junio de 2014.<\/p>\n","protected":false},"excerpt":{"rendered":"<p>Sentencia del Tribunal Supremo n\u00ba 332\/2022, de 27 de abril, dictada por el Pleno de la Sala de lo Civil, recurso de casaci\u00f3n n\u00ba 708\/2019 A consecuencia de un accidente de tr\u00e1fico, una persona sufri\u00f3 lesiones que el INSS, por resoluci\u00f3n de 10 de diciembre de 2010, consider\u00f3 determinantes de incapacidad permanente total. No estando [&hellip;]<\/p>\n","protected":false},"author":1,"featured_media":1369,"comment_status":"open","ping_status":"open","sticky":false,"template":"","format":"standard","meta":{"_acf_changed":false,"inline_featured_image":false,"footnotes":""},"categories":[19],"tags":[358,36],"class_list":["post-5171","post","type-post","status-publish","format-standard","hentry","category-noticias","tag-accion-directa","tag-responsabilidad-civil"],"acf":[],"_links":{"self":[{"href":"https:\/\/www.everlawlegal.com\/en\/wp-json\/wp\/v2\/posts\/5171","targetHints":{"allow":["GET"]}}],"collection":[{"href":"https:\/\/www.everlawlegal.com\/en\/wp-json\/wp\/v2\/posts"}],"about":[{"href":"https:\/\/www.everlawlegal.com\/en\/wp-json\/wp\/v2\/types\/post"}],"author":[{"embeddable":true,"href":"https:\/\/www.everlawlegal.com\/en\/wp-json\/wp\/v2\/users\/1"}],"replies":[{"embeddable":true,"href":"https:\/\/www.everlawlegal.com\/en\/wp-json\/wp\/v2\/comments?post=5171"}],"version-history":[{"count":0,"href":"https:\/\/www.everlawlegal.com\/en\/wp-json\/wp\/v2\/posts\/5171\/revisions"}],"wp:featuredmedia":[{"embeddable":true,"href":"https:\/\/www.everlawlegal.com\/en\/wp-json\/"}],"wp:attachment":[{"href":"https:\/\/www.everlawlegal.com\/en\/wp-json\/wp\/v2\/media?parent=5171"}],"wp:term":[{"taxonomy":"category","embeddable":true,"href":"https:\/\/www.everlawlegal.com\/en\/wp-json\/wp\/v2\/categories?post=5171"},{"taxonomy":"post_tag","embeddable":true,"href":"https:\/\/www.everlawlegal.com\/en\/wp-json\/wp\/v2\/tags?post=5171"}],"curies":[{"name":"wp","href":"https:\/\/api.w.org\/{rel}","templated":true}]}}