{"id":5912,"date":"2023-06-01T09:39:33","date_gmt":"2023-06-01T07:39:33","guid":{"rendered":"https:\/\/www.everlawlegal.com\/?p=5912"},"modified":"2023-06-01T09:39:33","modified_gmt":"2023-06-01T07:39:33","slug":"consideraciones-sobre-el-perjuicio-excepcional-previsto-en-la-ley-35-2015","status":"publish","type":"post","link":"https:\/\/www.everlawlegal.com\/en\/consideraciones-sobre-el-perjuicio-excepcional-previsto-en-la-ley-35-2015\/","title":{"rendered":"Consideraciones sobre el perjuicio excepcional previsto en la Ley 35\/2015"},"content":{"rendered":"<div class=\"fusion-fullwidth fullwidth-box fusion-builder-row-3 fusion-flex-container nonhundred-percent-fullwidth non-hundred-percent-height-scrolling\" style=\"--awb-border-radius-top-left:0px;--awb-border-radius-top-right:0px;--awb-border-radius-bottom-right:0px;--awb-border-radius-bottom-left:0px;\" >\n<div class=\"fusion-builder-row fusion-row fusion-flex-align-items-flex-start\" style=\"max-width:1248px;margin-left: calc(-4% \/ 2 );margin-right: calc(-4% \/ 2 );\">\n<div class=\"fusion-layout-column fusion_builder_column fusion-builder-column-2 fusion_builder_column_1_1 1_1 fusion-flex-column\" style=\"--awb-bg-size:cover;--awb-width-large:100%;--awb-margin-top-large:0px;--awb-spacing-right-large:1.92%;--awb-margin-bottom-large:0px;--awb-spacing-left-large:1.92%;--awb-width-medium:100%;--awb-spacing-right-medium:1.92%;--awb-spacing-left-medium:1.92%;--awb-width-small:100%;--awb-spacing-right-small:1.92%;--awb-spacing-left-small:1.92%;\">\n<div class=\"fusion-column-wrapper fusion-flex-justify-content-flex-start fusion-content-layout-column\">\n<div class=\"fusion-text fusion-text-3\">\n<p>Ana Alba Rebate, abogada de EVERLAW, realiza en el Bolet\u00edn RC y Seguro n\u00famero 156, de 1 de junio de 2023, un completo estudio que facilita la comprensi\u00f3n del ya de por si complejo concepto &#8220;perjuicio excepcional&#8221; previsto en la Ley 35\/2015, de 22 de septiembre, de reforma del sistema para la valoraci\u00f3n de los da\u00f1os y perjuicios causados a las personas en accidentes de circulaci\u00f3n.<\/p>\n<p>Acceso al Bolet\u00edn <a href=\"https:\/\/www.inese.es\/wp-content\/uploads\/2023\/05\/brc156-1.html\"><em><span style=\"color: #0000ff;\">aqu\u00ed<\/span><\/em><\/a><\/p>\n<\/div>\n<\/div>\n<\/div>\n<\/div>\n<\/div>\n","protected":false},"excerpt":{"rendered":"<p>Ana Alba Rebate, abogada de EVERLAW, realiza en el Bolet\u00edn RC y Seguro n\u00famero 156, de 1 de junio de 2023, un completo estudio que facilita la comprensi\u00f3n del ya de por si complejo concepto &#8220;perjuicio excepcional&#8221; previsto en la Ley 35\/2015, de 22 de septiembre, de reforma del sistema para la valoraci\u00f3n de los [&hellip;]<\/p>\n","protected":false},"author":1,"featured_media":1028,"comment_status":"open","ping_status":"open","sticky":false,"template":"","format":"standard","meta":{"_acf_changed":false,"inline_featured_image":false,"footnotes":""},"categories":[2],"tags":[25],"class_list":["post-5912","post","type-post","status-publish","format-standard","hentry","category-publicaciones","tag-baremo"],"acf":[],"_links":{"self":[{"href":"https:\/\/www.everlawlegal.com\/en\/wp-json\/wp\/v2\/posts\/5912","targetHints":{"allow":["GET"]}}],"collection":[{"href":"https:\/\/www.everlawlegal.com\/en\/wp-json\/wp\/v2\/posts"}],"about":[{"href":"https:\/\/www.everlawlegal.com\/en\/wp-json\/wp\/v2\/types\/post"}],"author":[{"embeddable":true,"href":"https:\/\/www.everlawlegal.com\/en\/wp-json\/wp\/v2\/users\/1"}],"replies":[{"embeddable":true,"href":"https:\/\/www.everlawlegal.com\/en\/wp-json\/wp\/v2\/comments?post=5912"}],"version-history":[{"count":0,"href":"https:\/\/www.everlawlegal.com\/en\/wp-json\/wp\/v2\/posts\/5912\/revisions"}],"wp:featuredmedia":[{"embeddable":true,"href":"https:\/\/www.everlawlegal.com\/en\/wp-json\/"}],"wp:attachment":[{"href":"https:\/\/www.everlawlegal.com\/en\/wp-json\/wp\/v2\/media?parent=5912"}],"wp:term":[{"taxonomy":"category","embeddable":true,"href":"https:\/\/www.everlawlegal.com\/en\/wp-json\/wp\/v2\/categories?post=5912"},{"taxonomy":"post_tag","embeddable":true,"href":"https:\/\/www.everlawlegal.com\/en\/wp-json\/wp\/v2\/tags?post=5912"}],"curies":[{"name":"wp","href":"https:\/\/api.w.org\/{rel}","templated":true}]}}