{"id":6442,"date":"2024-02-15T15:15:09","date_gmt":"2024-02-15T15:15:09","guid":{"rendered":"https:\/\/www.everlawlegal.com\/?p=6442"},"modified":"2024-02-15T15:41:26","modified_gmt":"2024-02-15T15:41:26","slug":"solidaridad-impropia-de-la-empresa-principal-y-prescripcion-de-la-accion","status":"publish","type":"post","link":"https:\/\/www.everlawlegal.com\/en\/solidaridad-impropia-de-la-empresa-principal-y-prescripcion-de-la-accion\/","title":{"rendered":"Solidaridad impropia de la empresa principal y prescripci\u00f3n de la acci\u00f3n"},"content":{"rendered":"<p>Compartimos el art\u00edculo redactado por <span style=\"color: #0000ff;\">Nadia Mart\u00ednez Castillo<\/span>, abogada de <a class=\"ql-mention\" spellcheck=\"false\" href=\"https:\/\/www.linkedin.com\/company\/11119836\/admin\/feed\/posts\/#\" data-entity-urn=\"urn:li:fsd_company:11119836\" data-guid=\"11\" data-object-urn=\"urn:li:organization:11119836\" data-original-text=\"EVERLAW LEGAL, S.L.P.\" data-test-ql-mention=\"true\"><span style=\"color: #0000ff;\">EVERLAW LEGAL, S.L.P<\/span>.,<\/a> y publicado en el Bolet\u00edn de RC y Seguro n\u00ba 169, de 15 de febrero de 2024, en el que aborda la responsabilidad civil solidaria impropia de la empresa principal respecto de las contratas y subcontratas, en el supuesto de producirse un accidente o enfermedad profesional de los trabajadores de estos \u00faltimos en el centro de trabajo de dicha empresa principal.<\/p>\n<p>Acceso a la publicaci\u00f3n <a href=\"https:\/\/www.inese.es\/wp-content\/uploads\/2024\/02\/brc169-1.html?utm_medium=email&amp;_hsmi=82934994&amp;_hsenc=p2ANqtz-8ez1TQq_A2LXC-QEo5ANzcbopNto9ln2i2uf5XuCTJgN9wYYLU7JGLB3Spkphw3xR9F2UEgAPYyFRLqcCKP7YSQGaXqkR739tQT2yz4iJ9TLvyWUA&amp;utm_content=82934994&amp;utm_source=hs_email\"><span style=\"color: #0000ff;\"><em>aqu\u00ed<\/em><\/span><\/a><\/p>\n","protected":false},"excerpt":{"rendered":"<p>Compartimos el art\u00edculo redactado por Nadia Mart\u00ednez Castillo, abogada de EVERLAW LEGAL, S.L.P., y publicado en el Bolet\u00edn de RC y Seguro n\u00ba 169, de 15 de febrero de 2024, en el que aborda la responsabilidad civil solidaria impropia de la empresa principal respecto de las contratas y subcontratas, en el supuesto de producirse un [&hellip;]<\/p>\n","protected":false},"author":2,"featured_media":0,"comment_status":"closed","ping_status":"open","sticky":false,"template":"","format":"standard","meta":{"_acf_changed":false,"inline_featured_image":false,"footnotes":""},"categories":[2],"tags":[],"class_list":["post-6442","post","type-post","status-publish","format-standard","hentry","category-publicaciones"],"acf":[],"_links":{"self":[{"href":"https:\/\/www.everlawlegal.com\/en\/wp-json\/wp\/v2\/posts\/6442","targetHints":{"allow":["GET"]}}],"collection":[{"href":"https:\/\/www.everlawlegal.com\/en\/wp-json\/wp\/v2\/posts"}],"about":[{"href":"https:\/\/www.everlawlegal.com\/en\/wp-json\/wp\/v2\/types\/post"}],"author":[{"embeddable":true,"href":"https:\/\/www.everlawlegal.com\/en\/wp-json\/wp\/v2\/users\/2"}],"replies":[{"embeddable":true,"href":"https:\/\/www.everlawlegal.com\/en\/wp-json\/wp\/v2\/comments?post=6442"}],"version-history":[{"count":7,"href":"https:\/\/www.everlawlegal.com\/en\/wp-json\/wp\/v2\/posts\/6442\/revisions"}],"predecessor-version":[{"id":6449,"href":"https:\/\/www.everlawlegal.com\/en\/wp-json\/wp\/v2\/posts\/6442\/revisions\/6449"}],"wp:attachment":[{"href":"https:\/\/www.everlawlegal.com\/en\/wp-json\/wp\/v2\/media?parent=6442"}],"wp:term":[{"taxonomy":"category","embeddable":true,"href":"https:\/\/www.everlawlegal.com\/en\/wp-json\/wp\/v2\/categories?post=6442"},{"taxonomy":"post_tag","embeddable":true,"href":"https:\/\/www.everlawlegal.com\/en\/wp-json\/wp\/v2\/tags?post=6442"}],"curies":[{"name":"wp","href":"https:\/\/api.w.org\/{rel}","templated":true}]}}