{"id":6577,"date":"2024-03-21T09:18:44","date_gmt":"2024-03-21T09:18:44","guid":{"rendered":"https:\/\/www.everlawlegal.com\/?p=6577"},"modified":"2024-03-21T09:45:26","modified_gmt":"2024-03-21T09:45:26","slug":"celebracion-del-dia-mundial-del-sindrome-de-down","status":"publish","type":"post","link":"https:\/\/www.everlawlegal.com\/en\/celebracion-del-dia-mundial-del-sindrome-de-down\/","title":{"rendered":"Celebraci\u00f3n del D\u00eda Mundial del S\u00edndrome de Down"},"content":{"rendered":"<p>Con ocasi\u00f3n de la celebraci\u00f3n del D\u00eda Mundial del S\u00edndrome de Down, compartimos el art\u00edculo de <a class=\"ql-mention\" spellcheck=\"false\" href=\"https:\/\/www.linkedin.com\/company\/11119836\/admin\/feed\/posts\/#\" data-entity-urn=\"urn:li:fsd_profile:ACoAABZUFMMB3VDZACPciURwHfI8tfiveQaJ0YM\" data-guid=\"6\" data-object-urn=\"urn:li:fsd_profile:ACoAABZUFMMB3VDZACPciURwHfI8tfiveQaJ0YM\" data-original-text=\"Nicol\u00e1s Fern\u00e1ndez-Miranda Fern\u00e1ndez-Miranda\" data-test-ql-mention=\"true\">Nicol\u00e1s Fern\u00e1ndez-Miranda Fern\u00e1ndez-Miranda<\/a>, socio de <a class=\"ql-mention\" spellcheck=\"false\" href=\"https:\/\/www.linkedin.com\/company\/11119836\/admin\/feed\/posts\/#\" data-entity-urn=\"urn:li:fsd_company:11119836\" data-guid=\"7\" data-object-urn=\"urn:li:fsd_company:11119836\" data-original-text=\"EVERLAW LEGAL, S.L.\" data-test-ql-mention=\"true\">EVERLAW LEGAL, S.L.<\/a> publicado en la revista PERFILES, en el que ofrece unas interesantes reflexiones sobre la modificaci\u00f3n del art\u00edculo 49 de la Constituci\u00f3n y la inclusi\u00f3n real de las personas con discapacidad.<\/p>\n<p>Acceso al art\u00edculo <a href=\"https:\/\/revistaperfiles.com\/opinion\/la-modificacion-de-la-constitucion-y-la-inclusion-real-de-las-personas-con-discapacidad\/\"><em><span style=\"color: #0000ff;\">aqu\u00ed<\/span><\/em><\/a><\/p>\n","protected":false},"excerpt":{"rendered":"<p>Con ocasi\u00f3n de la celebraci\u00f3n del D\u00eda Mundial del S\u00edndrome de Down, compartimos el art\u00edculo de Nicol\u00e1s Fern\u00e1ndez-Miranda Fern\u00e1ndez-Miranda, socio de EVERLAW LEGAL, S.L. publicado en la revista PERFILES, en el que ofrece unas interesantes reflexiones sobre la modificaci\u00f3n del art\u00edculo 49 de la Constituci\u00f3n y la inclusi\u00f3n real de las personas con discapacidad. Acceso [&hellip;]<\/p>\n","protected":false},"author":2,"featured_media":0,"comment_status":"closed","ping_status":"open","sticky":false,"template":"","format":"standard","meta":{"_acf_changed":false,"inline_featured_image":false,"footnotes":""},"categories":[2],"tags":[402,403],"class_list":["post-6577","post","type-post","status-publish","format-standard","hentry","category-publicaciones","tag-discapacidad","tag-inclusion"],"acf":[],"_links":{"self":[{"href":"https:\/\/www.everlawlegal.com\/en\/wp-json\/wp\/v2\/posts\/6577","targetHints":{"allow":["GET"]}}],"collection":[{"href":"https:\/\/www.everlawlegal.com\/en\/wp-json\/wp\/v2\/posts"}],"about":[{"href":"https:\/\/www.everlawlegal.com\/en\/wp-json\/wp\/v2\/types\/post"}],"author":[{"embeddable":true,"href":"https:\/\/www.everlawlegal.com\/en\/wp-json\/wp\/v2\/users\/2"}],"replies":[{"embeddable":true,"href":"https:\/\/www.everlawlegal.com\/en\/wp-json\/wp\/v2\/comments?post=6577"}],"version-history":[{"count":5,"href":"https:\/\/www.everlawlegal.com\/en\/wp-json\/wp\/v2\/posts\/6577\/revisions"}],"predecessor-version":[{"id":6582,"href":"https:\/\/www.everlawlegal.com\/en\/wp-json\/wp\/v2\/posts\/6577\/revisions\/6582"}],"wp:attachment":[{"href":"https:\/\/www.everlawlegal.com\/en\/wp-json\/wp\/v2\/media?parent=6577"}],"wp:term":[{"taxonomy":"category","embeddable":true,"href":"https:\/\/www.everlawlegal.com\/en\/wp-json\/wp\/v2\/categories?post=6577"},{"taxonomy":"post_tag","embeddable":true,"href":"https:\/\/www.everlawlegal.com\/en\/wp-json\/wp\/v2\/tags?post=6577"}],"curies":[{"name":"wp","href":"https:\/\/api.w.org\/{rel}","templated":true}]}}