{"id":7188,"date":"2025-04-02T15:34:16","date_gmt":"2025-04-02T15:34:16","guid":{"rendered":"https:\/\/www.everlawlegal.com\/?p=7188"},"modified":"2025-04-02T15:34:16","modified_gmt":"2025-04-02T15:34:16","slug":"el-conflicto-entre-derechos-fundamentales-y-la-promulgacion-de-la-ley-organica-5-2024-de-11-de-noviembre-del-derecho-de-defensa","status":"publish","type":"post","link":"https:\/\/www.everlawlegal.com\/en\/el-conflicto-entre-derechos-fundamentales-y-la-promulgacion-de-la-ley-organica-5-2024-de-11-de-noviembre-del-derecho-de-defensa\/","title":{"rendered":"El conflicto entre derechos fundamentales y la promulgaci\u00f3n de la Ley Org\u00e1nica 5\/2024, de 11 de noviembre, del Derecho de Defensa"},"content":{"rendered":"<p>Compartimos el art\u00edculo redactado por <a id=\"ember448\" class=\"ember-view\" href=\"https:\/\/www.linkedin.com\/in\/mariola-n%C3%BA%C3%B1ez-fern%C3%A1ndez-37971ba5\/\">Mariola N\u00fa\u00f1ez Fern\u00e1ndez<\/a> y <a id=\"ember449\" class=\"ember-view\" href=\"https:\/\/www.linkedin.com\/in\/nicol%C3%A1s-fern%C3%A1ndez-miranda-fern%C3%A1ndez-miranda-803557a5\/\">Nicol\u00e1s Fern\u00e1ndez-Miranda Fern\u00e1ndez-Miranda<\/a>, socios en <a class=\"yHnfJaShBMjRfQgACDdvfdlOlIdlFstdFiSU \" tabindex=\"0\" href=\"https:\/\/www.linkedin.com\/company\/everlawlegals.l.p.\/\" target=\"_self\" data-test-app-aware-link=\"\">EVERLAW LEGAL, S.L.<\/a>, publicado en el Bolet\u00edn de Responsabilidad Civil n\u00famero 192, de 1 de abril de 2025, en el que analizan qu\u00e9 ocurre cuando una persona es citada como investigada en un procedimiento penal, y a la vez recibe en el \u00e1mbito civil una demanda, con base a los mismos hechos, donde inexorablemente tiene que contestar en el plazo de 20 d\u00edas debiendo exponer para ello toda su defensa, tras la promulgaci\u00f3n de la Ley Org\u00e1nica 5\/2024, de 11 de noviembre, del Derecho de Defensa.<\/p>\n<p>Acceso al art\u00edculo <a href=\"https:\/\/www.inese.es\/wp-content\/uploads\/2025\/03\/3-articulo.html\"><span style=\"color: #0000ff;\"><em>aqu\u00ed<\/em><\/span><\/a><\/p>\n","protected":false},"excerpt":{"rendered":"<p>Compartimos el art\u00edculo redactado por Mariola N\u00fa\u00f1ez Fern\u00e1ndez y Nicol\u00e1s Fern\u00e1ndez-Miranda Fern\u00e1ndez-Miranda, socios en EVERLAW LEGAL, S.L., publicado en el Bolet\u00edn de Responsabilidad Civil n\u00famero 192, de 1 de abril de 2025, en el que analizan qu\u00e9 ocurre cuando una persona es citada como investigada en un procedimiento penal, y a la vez recibe en [&hellip;]<\/p>\n","protected":false},"author":2,"featured_media":0,"comment_status":"closed","ping_status":"open","sticky":false,"template":"","format":"standard","meta":{"_acf_changed":false,"inline_featured_image":false,"footnotes":""},"categories":[2],"tags":[],"class_list":["post-7188","post","type-post","status-publish","format-standard","hentry","category-publicaciones"],"acf":[],"_links":{"self":[{"href":"https:\/\/www.everlawlegal.com\/en\/wp-json\/wp\/v2\/posts\/7188","targetHints":{"allow":["GET"]}}],"collection":[{"href":"https:\/\/www.everlawlegal.com\/en\/wp-json\/wp\/v2\/posts"}],"about":[{"href":"https:\/\/www.everlawlegal.com\/en\/wp-json\/wp\/v2\/types\/post"}],"author":[{"embeddable":true,"href":"https:\/\/www.everlawlegal.com\/en\/wp-json\/wp\/v2\/users\/2"}],"replies":[{"embeddable":true,"href":"https:\/\/www.everlawlegal.com\/en\/wp-json\/wp\/v2\/comments?post=7188"}],"version-history":[{"count":1,"href":"https:\/\/www.everlawlegal.com\/en\/wp-json\/wp\/v2\/posts\/7188\/revisions"}],"predecessor-version":[{"id":7189,"href":"https:\/\/www.everlawlegal.com\/en\/wp-json\/wp\/v2\/posts\/7188\/revisions\/7189"}],"wp:attachment":[{"href":"https:\/\/www.everlawlegal.com\/en\/wp-json\/wp\/v2\/media?parent=7188"}],"wp:term":[{"taxonomy":"category","embeddable":true,"href":"https:\/\/www.everlawlegal.com\/en\/wp-json\/wp\/v2\/categories?post=7188"},{"taxonomy":"post_tag","embeddable":true,"href":"https:\/\/www.everlawlegal.com\/en\/wp-json\/wp\/v2\/tags?post=7188"}],"curies":[{"name":"wp","href":"https:\/\/api.w.org\/{rel}","templated":true}]}}