{"id":7410,"date":"2025-07-01T16:49:25","date_gmt":"2025-07-01T16:49:25","guid":{"rendered":"https:\/\/www.everlawlegal.com\/?p=7410"},"modified":"2025-07-01T17:12:36","modified_gmt":"2025-07-01T17:12:36","slug":"danos-permanentes-o-continuados-en-temas-de-deficiencias-constructivas-nueva-sentencia-del-tribunal-supremo","status":"publish","type":"post","link":"https:\/\/www.everlawlegal.com\/en\/danos-permanentes-o-continuados-en-temas-de-deficiencias-constructivas-nueva-sentencia-del-tribunal-supremo\/","title":{"rendered":"Da\u00f1os permanentes o continuados en temas de deficiencias constructivas, nueva sentencia del Tribunal Supremo"},"content":{"rendered":"<p>Mariola N\u00fa\u00f1ez Fern\u00e1ndez, socia en EVERLAW, analiza nuevamente en el Bolet\u00edn de Responsabilidad Civil n\u00famero 198, de 1 de julio de 2025,\u00a0\u00a0la distinci\u00f3n entre da\u00f1os continuados y permanentes en el tiempo a efectos del plazo de prescripci\u00f3n previsto en el art. 18 LOE, a ra\u00edz de la Sentencia del Tribunal Supremo n\u00ba 628\/2025, de 28 de abril, dictada por la Sala de lo Civil, recurso de casaci\u00f3n n\u00ba 1093\/2021.<\/p>\n<p>Acceso al bolet\u00edn <a href=\"https:\/\/www.inese.es\/wp-content\/uploads\/2025\/06\/2-articulo-1.html\"><span style=\"color: #0000ff;\"><em>aqu\u00ed<\/em><\/span><\/a><\/p>\n<p>&nbsp;<\/p>\n","protected":false},"excerpt":{"rendered":"<p>Mariola N\u00fa\u00f1ez Fern\u00e1ndez, socia en EVERLAW, analiza nuevamente en el Bolet\u00edn de Responsabilidad Civil n\u00famero 198, de 1 de julio de 2025,\u00a0\u00a0la distinci\u00f3n entre da\u00f1os continuados y permanentes en el tiempo a efectos del plazo de prescripci\u00f3n previsto en el art. 18 LOE, a ra\u00edz de la Sentencia del Tribunal Supremo n\u00ba 628\/2025, de 28 [&hellip;]<\/p>\n","protected":false},"author":2,"featured_media":0,"comment_status":"closed","ping_status":"open","sticky":false,"template":"","format":"standard","meta":{"_acf_changed":false,"inline_featured_image":false,"footnotes":""},"categories":[2],"tags":[434],"class_list":["post-7410","post","type-post","status-publish","format-standard","hentry","category-publicaciones","tag-deficiencias-constructivas"],"acf":[],"_links":{"self":[{"href":"https:\/\/www.everlawlegal.com\/en\/wp-json\/wp\/v2\/posts\/7410","targetHints":{"allow":["GET"]}}],"collection":[{"href":"https:\/\/www.everlawlegal.com\/en\/wp-json\/wp\/v2\/posts"}],"about":[{"href":"https:\/\/www.everlawlegal.com\/en\/wp-json\/wp\/v2\/types\/post"}],"author":[{"embeddable":true,"href":"https:\/\/www.everlawlegal.com\/en\/wp-json\/wp\/v2\/users\/2"}],"replies":[{"embeddable":true,"href":"https:\/\/www.everlawlegal.com\/en\/wp-json\/wp\/v2\/comments?post=7410"}],"version-history":[{"count":5,"href":"https:\/\/www.everlawlegal.com\/en\/wp-json\/wp\/v2\/posts\/7410\/revisions"}],"predecessor-version":[{"id":7418,"href":"https:\/\/www.everlawlegal.com\/en\/wp-json\/wp\/v2\/posts\/7410\/revisions\/7418"}],"wp:attachment":[{"href":"https:\/\/www.everlawlegal.com\/en\/wp-json\/wp\/v2\/media?parent=7410"}],"wp:term":[{"taxonomy":"category","embeddable":true,"href":"https:\/\/www.everlawlegal.com\/en\/wp-json\/wp\/v2\/categories?post=7410"},{"taxonomy":"post_tag","embeddable":true,"href":"https:\/\/www.everlawlegal.com\/en\/wp-json\/wp\/v2\/tags?post=7410"}],"curies":[{"name":"wp","href":"https:\/\/api.w.org\/{rel}","templated":true}]}}