{"id":7530,"date":"2025-09-16T08:34:05","date_gmt":"2025-09-16T08:34:05","guid":{"rendered":"https:\/\/www.everlawlegal.com\/?p=7530"},"modified":"2025-09-17T09:10:37","modified_gmt":"2025-09-17T09:10:37","slug":"la-ley-5-2025-y-su-impacto-en-la-ley-35-2015-que-introdujo-el-nuevo-baremo-de-trafico","status":"publish","type":"post","link":"https:\/\/www.everlawlegal.com\/en\/la-ley-5-2025-y-su-impacto-en-la-ley-35-2015-que-introdujo-el-nuevo-baremo-de-trafico\/","title":{"rendered":"La Ley 5\/2025 y su impacto en la Ley 35\/2015 que introdujo el nuevo baremo de tr\u00e1fico"},"content":{"rendered":"<p>Compartimos el art\u00edculo redactado por <a class=\"ql-mention\" spellcheck=\"false\" href=\"https:\/\/www.linkedin.com\/company\/11119836\/admin\/page-posts\/published\/#\" data-entity-urn=\"urn:li:fsd_profile:ACoAACGpQDIBGA68hO2xWXFHjxcsWv_ELtuauL4\" data-guid=\"0\" data-object-urn=\"urn:li:member:564740146\" data-original-text=\"Ana Alba Rebate\" data-test-ql-mention=\"true\">Ana Alba Rebate<\/a>, abogada en <a class=\"ql-mention\" spellcheck=\"false\" href=\"https:\/\/www.linkedin.com\/company\/11119836\/admin\/page-posts\/published\/#\" data-entity-urn=\"urn:li:fsd_company:11119836\" data-guid=\"1\" data-object-urn=\"urn:li:organization:11119836\" data-original-text=\"EVERLAW LEGAL, S.L.\" data-test-ql-mention=\"true\">EVERLAW LEGAL, S.L.<\/a>, publicado en el Bolet\u00edn de Responsabilidad Civil (INESE) n\u00famero 200, de 15 de septiembre de 2025, en el que analiza el impacto de la Ley 5\/2025, de 5 de julio, en el nuevo baremo de tr\u00e1fico establecido por la Ley 35\/2015, de 22 de septiembre: se introducen modificaciones para adaptar las indemnizaciones a la realidad actual de forma que se garantice el principio de indemnidad total de los perjudicados.<\/p>\n<p>Acceso al art\u00edculo <span style=\"color: #0000ff;\"><em>aqu\u00ed<\/em><\/span>\u00a0<a href=\"https:\/\/www.inese.es\/wp-content\/uploads\/2025\/09\/2-articulo.html\">https:\/\/www.inese.es\/wp-content\/uploads\/2025\/09\/2-articulo.html<\/a><\/p>\n","protected":false},"excerpt":{"rendered":"<p>Compartimos el art\u00edculo redactado por Ana Alba Rebate, abogada en EVERLAW LEGAL, S.L., publicado en el Bolet\u00edn de Responsabilidad Civil (INESE) n\u00famero 200, de 15 de septiembre de 2025, en el que analiza el impacto de la Ley 5\/2025, de 5 de julio, en el nuevo baremo de tr\u00e1fico establecido por la Ley 35\/2015, de [&hellip;]<\/p>\n","protected":false},"author":2,"featured_media":0,"comment_status":"closed","ping_status":"open","sticky":false,"template":"","format":"standard","meta":{"_acf_changed":false,"inline_featured_image":false,"footnotes":""},"categories":[2],"tags":[],"class_list":["post-7530","post","type-post","status-publish","format-standard","hentry","category-publicaciones"],"acf":[],"_links":{"self":[{"href":"https:\/\/www.everlawlegal.com\/en\/wp-json\/wp\/v2\/posts\/7530","targetHints":{"allow":["GET"]}}],"collection":[{"href":"https:\/\/www.everlawlegal.com\/en\/wp-json\/wp\/v2\/posts"}],"about":[{"href":"https:\/\/www.everlawlegal.com\/en\/wp-json\/wp\/v2\/types\/post"}],"author":[{"embeddable":true,"href":"https:\/\/www.everlawlegal.com\/en\/wp-json\/wp\/v2\/users\/2"}],"replies":[{"embeddable":true,"href":"https:\/\/www.everlawlegal.com\/en\/wp-json\/wp\/v2\/comments?post=7530"}],"version-history":[{"count":7,"href":"https:\/\/www.everlawlegal.com\/en\/wp-json\/wp\/v2\/posts\/7530\/revisions"}],"predecessor-version":[{"id":7537,"href":"https:\/\/www.everlawlegal.com\/en\/wp-json\/wp\/v2\/posts\/7530\/revisions\/7537"}],"wp:attachment":[{"href":"https:\/\/www.everlawlegal.com\/en\/wp-json\/wp\/v2\/media?parent=7530"}],"wp:term":[{"taxonomy":"category","embeddable":true,"href":"https:\/\/www.everlawlegal.com\/en\/wp-json\/wp\/v2\/categories?post=7530"},{"taxonomy":"post_tag","embeddable":true,"href":"https:\/\/www.everlawlegal.com\/en\/wp-json\/wp\/v2\/tags?post=7530"}],"curies":[{"name":"wp","href":"https:\/\/api.w.org\/{rel}","templated":true}]}}