{"id":7823,"date":"2026-02-05T17:32:12","date_gmt":"2026-02-05T17:32:12","guid":{"rendered":"https:\/\/www.everlawlegal.com\/?p=7823"},"modified":"2026-02-05T18:10:03","modified_gmt":"2026-02-05T18:10:03","slug":"el-caso-de-exito-de-everlaw-legal-s-l-que-compartimos-ayer-ha-tenido-un-amplio-eco-en-diferentes-medios-de-comunicacion","status":"publish","type":"post","link":"https:\/\/www.everlawlegal.com\/en\/el-caso-de-exito-de-everlaw-legal-s-l-que-compartimos-ayer-ha-tenido-un-amplio-eco-en-diferentes-medios-de-comunicacion\/","title":{"rendered":"El caso de \u00e9xito de EVERLAW LEGAL, S.L. que compartimos ayer ha tenido un amplio eco en diferentes medios de comunicaci\u00f3n"},"content":{"rendered":"<p>El pasado 2 de febrero de 2026 los medios de comunicaci\u00f3n: <em>El Confidencial, El Diario, Cadena Ser, La Vanguardia, The Objective <\/em>y<em> Telecinco, <\/em>entre otros<em>, <\/em>se hicieron eco del enorme \u00e9xito conseguido por <a class=\"ql-mention\" spellcheck=\"false\" href=\"https:\/\/www.linkedin.com\/company\/11119836\/admin\/page-posts\/published\/#\" data-entity-urn=\"urn:li:fsd_company:11119836\" data-guid=\"1\" data-object-urn=\"urn:li:organization:11119836\" data-original-text=\"EVERLAW LEGAL, S.L.\" data-test-ql-mention=\"true\">EVERLAW LEGAL, S.L.<\/a>, bajo la direcci\u00f3n letrada de nuestro socio director del departamento laboral <a class=\"ql-mention\" spellcheck=\"false\" href=\"https:\/\/www.linkedin.com\/company\/11119836\/admin\/page-posts\/published\/#\" data-entity-urn=\"urn:li:fsd_profile:ACoAABa_buEBMGt1qN2ei-uNx-N8GQeBAmJbLj0\" data-guid=\"0\" data-object-urn=\"urn:li:member:381644513\" data-original-text=\"Victor Lucas Olmedo\" data-test-ql-mention=\"true\">Victor Lucas Olmedo<\/a>, al obtener una sentencia estimatoria parcial en una reclamaci\u00f3n de da\u00f1os y perjuicios por el fallecimiento de un m\u00e9dico, jefe de servicio del Hospital Universitario La Paz, en la primera ola de la pandemia de COVID-19.<\/p>\n<p><span data-olk-copy-source=\"MessageBody\">Adjuntamos una lista con los enlaces a la noticia publicada sobre la sentencia en cada uno de los medios de comunicaci\u00f3n referidos anteriormente.<\/span><\/p>\n<p>1. El Confidencial<\/p>\n<p><a href=\"https:\/\/www.elconfidencial.com\/espana\/2026-02-02\/condenado-hospital-paz-negligencia-muerte-medico-pandemia_4294941\/\">Hist\u00f3rica condena por negligencia al Hospital La Paz por la muerte de un m\u00e9dico en pandemia<\/a><\/p>\n<p>2. Cadena Ser<\/p>\n<p><a href=\"https:\/\/cadenaser.com\/cmadrid\/2026\/02\/02\/el-hospital-de-la-paz-fue-negligente-en-su-actuacion-ante-el-covid-lo-que-provoco-la-muerte-de-un-medico-radio-madrid\/\">Claves de la condena a La Paz por la muerte de un m\u00e9dico durante la pandemia: negligencia, falta de medidas e instrucciones insuficientes | Radio Madrid | Cadena SER<\/a><\/p>\n<p>3. El Diario<\/p>\n<p><a href=\"https:\/\/www.eldiario.es\/sociedad\/condenan-hospital-indemnizar-familia-medico-fallecido-covid-contagio-centro-sanitario_1_12955499.html\">Condenan al hospital de La Paz a indemnizar a la familia de un m\u00e9dico fallecido por covid que se contagi\u00f3 en el centro sanitario<\/a><\/p>\n<p>4. La Vanguardia<\/p>\n<p><a href=\"https:\/\/www.lavanguardia.com\/local\/madrid\/20260202\/11455592\/hospital-paz-tendra-pagar-218-563-euros-familia-medico-fallecer-pandemia-falta-equipos-proteccion.html\">El Hospital de La Paz, condenado a pagar 218.563 euros a la familia de un m\u00e9dico que falleci\u00f3 en pandemia por falta de equipos de protecci\u00f3n<\/a><\/p>\n<p>5. The Objective<\/p>\n<p><a href=\"https:\/\/theobjective.com\/espana\/tribunales\/2026-02-02\/juez-hospital-paz-madrid-muerte-medico-pandemia\/\">Un juez condena al Hospital La Paz de Madrid por la muerte de un m\u00e9dico en la pandemia<\/a><\/p>\n<p>6. Telecinco<\/p>\n<p><a href=\"https:\/\/www.telecinco.es\/noticias\/madrid\/20260202\/condenan-hospital-paz-indemnizar-familia-medico-muerto-pandemia_18_018231896.html\">Condenan al Hospital de La Paz por la muerte de un m\u00e9dico en la pandemia<\/a><\/p>\n<p>&nbsp;<\/p>\n<p>&nbsp;<\/p>\n","protected":false},"excerpt":{"rendered":"<p>El pasado 2 de febrero de 2026 los medios de comunicaci\u00f3n: El Confidencial, El Diario, Cadena Ser, La Vanguardia, The Objective y Telecinco, entre otros, se hicieron eco del enorme \u00e9xito conseguido por EVERLAW LEGAL, S.L., bajo la direcci\u00f3n letrada de nuestro socio director del departamento laboral Victor Lucas Olmedo, al obtener una sentencia estimatoria [&hellip;]<\/p>\n","protected":false},"author":2,"featured_media":0,"comment_status":"closed","ping_status":"open","sticky":false,"template":"","format":"standard","meta":{"_acf_changed":false,"inline_featured_image":false,"footnotes":""},"categories":[19],"tags":[],"class_list":["post-7823","post","type-post","status-publish","format-standard","hentry","category-noticias"],"acf":[],"_links":{"self":[{"href":"https:\/\/www.everlawlegal.com\/en\/wp-json\/wp\/v2\/posts\/7823","targetHints":{"allow":["GET"]}}],"collection":[{"href":"https:\/\/www.everlawlegal.com\/en\/wp-json\/wp\/v2\/posts"}],"about":[{"href":"https:\/\/www.everlawlegal.com\/en\/wp-json\/wp\/v2\/types\/post"}],"author":[{"embeddable":true,"href":"https:\/\/www.everlawlegal.com\/en\/wp-json\/wp\/v2\/users\/2"}],"replies":[{"embeddable":true,"href":"https:\/\/www.everlawlegal.com\/en\/wp-json\/wp\/v2\/comments?post=7823"}],"version-history":[{"count":8,"href":"https:\/\/www.everlawlegal.com\/en\/wp-json\/wp\/v2\/posts\/7823\/revisions"}],"predecessor-version":[{"id":7833,"href":"https:\/\/www.everlawlegal.com\/en\/wp-json\/wp\/v2\/posts\/7823\/revisions\/7833"}],"wp:attachment":[{"href":"https:\/\/www.everlawlegal.com\/en\/wp-json\/wp\/v2\/media?parent=7823"}],"wp:term":[{"taxonomy":"category","embeddable":true,"href":"https:\/\/www.everlawlegal.com\/en\/wp-json\/wp\/v2\/categories?post=7823"},{"taxonomy":"post_tag","embeddable":true,"href":"https:\/\/www.everlawlegal.com\/en\/wp-json\/wp\/v2\/tags?post=7823"}],"curies":[{"name":"wp","href":"https:\/\/api.w.org\/{rel}","templated":true}]}}