{"id":7907,"date":"2026-03-02T19:32:32","date_gmt":"2026-03-02T19:32:32","guid":{"rendered":"https:\/\/www.everlawlegal.com\/?p=7907"},"modified":"2026-03-03T07:58:52","modified_gmt":"2026-03-03T07:58:52","slug":"entrevista-a-victor-lucas-olmedo-socio-de-everlaw-publicada-en-el-boletin-de-responsabilidad-civil-inese","status":"publish","type":"post","link":"https:\/\/www.everlawlegal.com\/en\/entrevista-a-victor-lucas-olmedo-socio-de-everlaw-publicada-en-el-boletin-de-responsabilidad-civil-inese\/","title":{"rendered":"Entrevista a V\u00edctor Lucas Olmedo, socio de EVERLAW, publicada en el Bolet\u00edn de Responsabilidad Civil (INESE)"},"content":{"rendered":"<p>Compartimos la entrevista a \u00a0<a id=\"ember208\" class=\"ember-view\" tabindex=\"0\" href=\"https:\/\/www.linkedin.com\/in\/victor-lucas-olmedo-11598ba7\/\">Victor Lucas Olmedo<\/a>, socio director del departamento laboral de <a class=\"ql-mention\" spellcheck=\"false\" href=\"https:\/\/www.linkedin.com\/preload\/#\" data-entity-urn=\"urn:li:fsd_company:11119836\" data-guid=\"2\" data-object-urn=\"urn:li:organization:11119836\" data-original-text=\"EVERLAW LEGAL, S.L.\" data-test-ql-mention=\"true\">EVERLAW LEGAL, S.L.<\/a> -publicada en el Bolet\u00edn de Responsabilidad Civil n\u00famero 210, de 1 de Marzo 2026 (INESE)- en la que detalla la estrategia jur\u00eddica que permiti\u00f3 obtener una sentencia que condena al Hospital La Paz como responsable del fallecimiento de un jefe de servicio durante la primera oleada del COVID, al apreciar un grave incumplimiento de las obligaciones de prevenci\u00f3n de riesgos laborales.<\/p>\n<p>Acceda al Bolet\u00edn de Responsabilidad Civil <a href=\"https:\/\/www.inese.es\/wp-content\/uploads\/2026\/02\/3-articulo-1.html\"><span style=\"color: #0000ff;\"><em>aqu\u00ed<\/em><\/span><\/a><\/p>\n","protected":false},"excerpt":{"rendered":"<p>Compartimos la entrevista a \u00a0Victor Lucas Olmedo, socio director del departamento laboral de EVERLAW LEGAL, S.L. -publicada en el Bolet\u00edn de Responsabilidad Civil n\u00famero 210, de 1 de Marzo 2026 (INESE)- en la que detalla la estrategia jur\u00eddica que permiti\u00f3 obtener una sentencia que condena al Hospital La Paz como responsable del fallecimiento de un [&hellip;]<\/p>\n","protected":false},"author":2,"featured_media":0,"comment_status":"closed","ping_status":"open","sticky":false,"template":"","format":"standard","meta":{"_acf_changed":false,"inline_featured_image":false,"footnotes":""},"categories":[2],"tags":[],"class_list":["post-7907","post","type-post","status-publish","format-standard","hentry","category-publicaciones"],"acf":[],"_links":{"self":[{"href":"https:\/\/www.everlawlegal.com\/en\/wp-json\/wp\/v2\/posts\/7907","targetHints":{"allow":["GET"]}}],"collection":[{"href":"https:\/\/www.everlawlegal.com\/en\/wp-json\/wp\/v2\/posts"}],"about":[{"href":"https:\/\/www.everlawlegal.com\/en\/wp-json\/wp\/v2\/types\/post"}],"author":[{"embeddable":true,"href":"https:\/\/www.everlawlegal.com\/en\/wp-json\/wp\/v2\/users\/2"}],"replies":[{"embeddable":true,"href":"https:\/\/www.everlawlegal.com\/en\/wp-json\/wp\/v2\/comments?post=7907"}],"version-history":[{"count":10,"href":"https:\/\/www.everlawlegal.com\/en\/wp-json\/wp\/v2\/posts\/7907\/revisions"}],"predecessor-version":[{"id":7917,"href":"https:\/\/www.everlawlegal.com\/en\/wp-json\/wp\/v2\/posts\/7907\/revisions\/7917"}],"wp:attachment":[{"href":"https:\/\/www.everlawlegal.com\/en\/wp-json\/wp\/v2\/media?parent=7907"}],"wp:term":[{"taxonomy":"category","embeddable":true,"href":"https:\/\/www.everlawlegal.com\/en\/wp-json\/wp\/v2\/categories?post=7907"},{"taxonomy":"post_tag","embeddable":true,"href":"https:\/\/www.everlawlegal.com\/en\/wp-json\/wp\/v2\/tags?post=7907"}],"curies":[{"name":"wp","href":"https:\/\/api.w.org\/{rel}","templated":true}]}}